{"id":5134,"date":"2019-09-22T20:14:52","date_gmt":"2019-09-22T18:14:52","guid":{"rendered":"http:\/\/clap-lodeve.com\/fr\/?p=5134"},"modified":"2022-09-07T07:04:42","modified_gmt":"2022-09-07T05:04:42","slug":"informations-juridiques-permanences-laure-billot-association-la-fourmi","status":"publish","type":"post","link":"http:\/\/clap-lodeve.com\/fr\/informations-juridiques-permanences-laure-billot-association-la-fourmi\/","title":{"rendered":"Permanences d\u2019information juridique (Association La Fourmi &#8211; Laure BILLOT)"},"content":{"rendered":"\n<p><strong>Pour les collectifs, les associations, les coop\u00e9ratives et les porteurs de projets<br \/>Tous les lundis de 14h \u00e0 19h, en Salle 5<\/strong><\/p>\n\n\n\n<p> Des questions sur les statuts ? Sur l\u2019organisation interne ?<br \/> Sur la fiscalit\u00e9 et le m\u00e9c\u00e9nat ?<br \/> Sur la fa\u00e7on de r\u00e9diger les contrats ou des conventions de partenariats ?<br \/> Sur le cadre juridique d\u2019une activit\u00e9 ?<br \/> Sur le montage d\u2019un projet ? La formalisation d\u2019un projet militant ?<\/p>\n\n\n\n<p> Ces permanences juridiques sont propos\u00e9es pour :<br \/> \u2022 r\u00e9pondre \u00e0 vos questions,<br \/> \u2022 vous \u00e9clairer sur les cadres juridiques de vos activit\u00e9s, les risques \u00e9ventuels et sur les modalit\u00e9s d\u2019organisation,<br \/> \u2022 vous orienter vers les diff\u00e9rentes sources d\u2019informations juridiques : textes de r\u00e9glementation, sites de vulgarisation, etc.<\/p>\n\n\n\n<p><strong>INFORMATIONS PRATIQUES<\/strong><\/p>\n\n\n\n<p>Sur RDV, r\u00e9servez ici votre cr\u00e9neau d\u2019une heure en indiquant votre nom ou le nom de votre collectif :  <a href=\"https:\/\/framadate.org\/d3HET6bGa1hHVal3\"><\/a><a href=\"https:\/\/framadate.org\/d3HET6bGa1hHVal3\">https:\/\/framadate.org\/d3HET6bGa1hHVal3<\/a><br \/>Par souci de protection des donn\u00e9es personnelles, veuillez m\u2019adresser vos coordonn\u00e9es, t\u00e9l\u00e9phone ou adresse mail, soit par SMS, soit par mail<br \/>Contact : 06 20 79 78 14 \/ <a href=\"mailto:laure.billot@gmail.com\">laure.billot@gmail.com<\/a> ou <a href=\"mailto:associationlafourmi@yahoo.com\">associationlafourmi@yahoo.com<\/a><\/p>\n\n\n\n<p><\/p>\n\n\n\n<p><strong>TARIFS<\/strong><\/p>\n\n\n\n<p>Don libre \u00e0 l\u2019association La Fourmi (minimum recommand\u00e9 20\u20ac\/h)<\/p>\n\n\n\n<p><\/p>\n\n\n\n<p><strong>INTERVENANTE<\/strong><\/p>\n\n\n\n<p>Juriste sp\u00e9cialis\u00e9e associations et formatrice, j\u2019ai longtemps travaill\u00e9 \u00e0 Marseille au sein de B.A.balex, centre ressources de formation et d\u2019accompagnement juridique des initiatives collectives, alternatives et solidaires. Je m\u2019int\u00e9resse aux exp\u00e9rimentations sociales, \u00e0 l\u2019autogestion, au montage et \u00e0 la formalisation de projets.<\/p>\n\n\n\n<p><\/p>\n\n\n\n<p><\/p>\n\n\n\n<p><strong>A VENIR<\/strong><\/p>\n\n\n\n<p>Des r\u00e9unions d\u2019information et des formations courtes seront \u00e9galement propos\u00e9es au CLAP pour les acteurs du territoire.<\/p>\n\n\n\n<figure class=\"wp-block-image is-resized\"><img data-attachment-id=\"5150\" data-permalink=\"http:\/\/clap-lodeve.com\/fr\/informations-juridiques-permanences-laure-billot-association-la-fourmi\/visuel-perm-jur-clap-jpeg-1\/\" data-orig-file=\"http:\/\/clap-lodeve.com\/fr\/wp-content\/uploads\/2019\/08\/Visuel-perm-jur-CLAP-jpeg-1.jpeg\" data-orig-size=\"997,501\" data-comments-opened=\"0\" data-image-meta=\"{&quot;aperture&quot;:&quot;0&quot;,&quot;credit&quot;:&quot;&quot;,&quot;camera&quot;:&quot;&quot;,&quot;caption&quot;:&quot;&quot;,&quot;created_timestamp&quot;:&quot;0&quot;,&quot;copyright&quot;:&quot;&quot;,&quot;focal_length&quot;:&quot;0&quot;,&quot;iso&quot;:&quot;0&quot;,&quot;shutter_speed&quot;:&quot;0&quot;,&quot;title&quot;:&quot;&quot;,&quot;orientation&quot;:&quot;0&quot;}\" data-image-title=\"Visuel perm jur CLAP jpeg (1)\" data-image-description=\"\" data-image-caption=\"\" data-medium-file=\"http:\/\/clap-lodeve.com\/fr\/wp-content\/uploads\/2019\/08\/Visuel-perm-jur-CLAP-jpeg-1-300x151.jpeg\" data-large-file=\"http:\/\/clap-lodeve.com\/fr\/wp-content\/uploads\/2019\/08\/Visuel-perm-jur-CLAP-jpeg-1.jpeg\" decoding=\"async\" loading=\"lazy\" src=\"http:\/\/clap-lodeve.com\/fr\/wp-content\/uploads\/2019\/08\/Visuel-perm-jur-CLAP-jpeg-1.jpeg\" alt=\"\" class=\"wp-image-5150\" width=\"417\" height=\"209\" srcset=\"http:\/\/clap-lodeve.com\/fr\/wp-content\/uploads\/2019\/08\/Visuel-perm-jur-CLAP-jpeg-1.jpeg 997w, http:\/\/clap-lodeve.com\/fr\/wp-content\/uploads\/2019\/08\/Visuel-perm-jur-CLAP-jpeg-1-300x151.jpeg 300w, http:\/\/clap-lodeve.com\/fr\/wp-content\/uploads\/2019\/08\/Visuel-perm-jur-CLAP-jpeg-1-768x386.jpeg 768w, http:\/\/clap-lodeve.com\/fr\/wp-content\/uploads\/2019\/08\/Visuel-perm-jur-CLAP-jpeg-1-660x330.jpeg 660w\" sizes=\"(max-width: 417px) 100vw, 417px\" \/><\/figure>\n","protected":false},"excerpt":{"rendered":"<p>Pour les collectifs, les associations, les coop\u00e9ratives et les porteurs de projetsTous les lundis de 14h \u00e0 19h, en Salle 5 Des questions sur les statuts ? Sur l\u2019organisation interne ? Sur la fiscalit\u00e9 et le m\u00e9c\u00e9nat ? Sur la fa\u00e7on de r\u00e9diger les contrats ou des conventions de partenariats ? Sur le cadre juridique &hellip;<\/p>\n","protected":false},"author":1,"featured_media":5150,"comment_status":"closed","ping_status":"closed","sticky":false,"template":"","format":"standard","meta":{"_jetpack_newsletter_access":"","_jetpack_dont_email_post_to_subs":false,"_jetpack_newsletter_tier_id":0,"_jetpack_memberships_contains_paywalled_content":false,"footnotes":"","_jetpack_memberships_contains_paid_content":false},"categories":[292],"tags":[],"jetpack_sharing_enabled":true,"jetpack_featured_media_url":"http:\/\/clap-lodeve.com\/fr\/wp-content\/uploads\/2019\/08\/Visuel-perm-jur-CLAP-jpeg-1.jpeg","jetpack_shortlink":"https:\/\/wp.me\/p8JRd2-1kO","jetpack-related-posts":[],"_links":{"self":[{"href":"http:\/\/clap-lodeve.com\/fr\/wp-json\/wp\/v2\/posts\/5134"}],"collection":[{"href":"http:\/\/clap-lodeve.com\/fr\/wp-json\/wp\/v2\/posts"}],"about":[{"href":"http:\/\/clap-lodeve.com\/fr\/wp-json\/wp\/v2\/types\/post"}],"author":[{"embeddable":true,"href":"http:\/\/clap-lodeve.com\/fr\/wp-json\/wp\/v2\/users\/1"}],"replies":[{"embeddable":true,"href":"http:\/\/clap-lodeve.com\/fr\/wp-json\/wp\/v2\/comments?post=5134"}],"version-history":[{"count":14,"href":"http:\/\/clap-lodeve.com\/fr\/wp-json\/wp\/v2\/posts\/5134\/revisions"}],"predecessor-version":[{"id":6463,"href":"http:\/\/clap-lodeve.com\/fr\/wp-json\/wp\/v2\/posts\/5134\/revisions\/6463"}],"wp:featuredmedia":[{"embeddable":true,"href":"http:\/\/clap-lodeve.com\/fr\/wp-json\/wp\/v2\/media\/5150"}],"wp:attachment":[{"href":"http:\/\/clap-lodeve.com\/fr\/wp-json\/wp\/v2\/media?parent=5134"}],"wp:term":[{"taxonomy":"category","embeddable":true,"href":"http:\/\/clap-lodeve.com\/fr\/wp-json\/wp\/v2\/categories?post=5134"},{"taxonomy":"post_tag","embeddable":true,"href":"http:\/\/clap-lodeve.com\/fr\/wp-json\/wp\/v2\/tags?post=5134"}],"curies":[{"name":"wp","href":"https:\/\/api.w.org\/{rel}","templated":true}]}}