{"id":6796,"date":"2025-09-01T21:32:04","date_gmt":"2025-09-01T19:32:04","guid":{"rendered":"http:\/\/clap-lodeve.com\/fr\/?p=6796"},"modified":"2025-09-01T21:36:03","modified_gmt":"2025-09-01T19:36:03","slug":"cours-de-chant-mensuels","status":"publish","type":"post","link":"http:\/\/clap-lodeve.com\/fr\/cours-de-chant-mensuels\/","title":{"rendered":"Cours de CHANT mensuel"},"content":{"rendered":"\n<p><strong><span class=\"has-inline-color has-vivid-cyan-blue-color\">Cours de Chant &amp; Technique Vocale&nbsp;Corporelle et Sensorielle : MENSUEL<\/span><\/strong><\/p>\n\n\n\n<p><strong>Approche globale du Geste Vocal<\/strong><\/p>\n\n\n\n<p><strong>Anim\u00e9 par Laetitia Dhainault ,dipl\u00f4m\u00e9e professeur de Technique Vocale et de Chant&nbsp;<\/strong>&nbsp;(Tire RNCP niveau 2)&nbsp; \u2013&nbsp;<strong>Technique Vocale selon l\u2019approche \u00ab&nbsp;Chant Voix &amp; Corps&nbsp;\u00bb<\/strong>&nbsp;\u2013<a href=\"http:\/\/asso-ocytocines.com\/fr\/qui-suis-je\/\">voir rubrique qui suis-je<\/a><\/p>\n\n\n\n<h2 class=\"wp-block-heading\"><strong>7 dimanches, 1 dim par mois <\/strong><\/h2>\n\n\n\n<p><strong>A Lod\u00e8ve \u2013 10h30\/17h<\/strong> &#8211; toutes les infos et dates ici : <a href=\"http:\/\/asso-ocytocines.com\/fr\/cours-de-chant-mensuel-34\/\">http:\/\/asso-ocytocines.com\/fr\/cours-de-chant-mensuel-34\/<\/a><\/p>\n\n\n\n<p><strong>* Vous aimez chanter et vous voulez mieux connaitre votre voix<br \/>* Vous d\u00e9sirez chanter en groupe et en solo dans un cadre bienveillant<br \/>* Vous voulez acqu\u00e9rir des outils pour chanter sans fatigue, plus fort, \u00eatre \u00e0 l\u2019aise dans les graves et les aig\u00fces, g\u00e9rer votre trac\u2026<br \/>* Vous voulez d\u00e9couvrir votre cr\u00e9ativit\u00e9 vocale et l\u2019improvisation<br \/>* Vous avez un projet personnel et souhaitez \u00eatre accompagn\u00e9 (atelier semi-particulier ou cours particuliers)<\/strong><\/p>\n\n\n\n<p>*************<\/p>\n\n\n\n<p><strong>Explorer son \u00ab corps-instrument \u00bb<\/strong>, se laisser vibrer, inspirer, chanter dans une recherche d\u2019authenticit\u00e9 :&nbsp;<strong>d\u00e9couvrir SA voix&nbsp;<\/strong>&nbsp;dans le plaisir !<strong><\/strong><\/p>\n\n\n\n<p><strong>\u2013 Techniques Vocale :&nbsp;<\/strong>explorations ludiques et profondes pour un geste vocal sain (respiration, larynx, r\u00e9sonnateurs, corps, \u00e9coute\u2026)<br \/><strong>\u2013 Chants de groupe :<\/strong>&nbsp;chants du monde, petites polyphonies.<br \/><strong>\u2013 Chants solo ou duo :<\/strong>&nbsp; coaching solo devant le groupe sur le r\u00e9pertoire de votre choix, interpr\u00e9tation, gestion du trac.<br \/><strong>\u2013 Improvisation :<\/strong>&nbsp;des outils pour exp\u00e9rimenter en douceur&nbsp; (impros m\u00e9lodiques, rythmiques\u2026)<br \/><strong>\u2013 Cabarets :<\/strong>&nbsp;Possibilit\u00e9 de participer \u00e0 un spectacle en public soit en solo, duo ou groupe dans notre petite salle de spectacle\u2026&nbsp;<a href=\"http:\/\/asso-ocytocines.com\/fr\/cabarets\/\">plus d\u2019info ici<\/a><\/p>\n\n\n\n<p><a href=\"http:\/\/asso-ocytocines.com\/fr\/quest-ce-que-cest\/\"><strong>P\u00e9dagogie<\/strong><\/a>&nbsp;bienveillante, active et positive, adapt\u00e9es au projet de chacun , tous niveaux .<\/p>\n\n\n\n<hr class=\"wp-block-separator has-css-opacity\"\/>\n\n\n\n<p><strong>D\u00e9roulement d\u2019une journ\u00e9e :<\/strong><\/p>\n\n\n\n<ul>\n<li><strong>Ancrage<\/strong>, mise en pr\u00e9sence<\/li>\n\n\n\n<li><strong>\u00c9chauffement<\/strong>&nbsp;corporel et vocal<\/li>\n\n\n\n<li><strong>Exercices pratiques<\/strong>&nbsp;pour approfondir plusieurs axes durant la s\u00e9ance : soit la respiration, les aigues, les graves, le passage, les vibrations,&nbsp;&nbsp;l\u2019amplification vocale, le trajet du son dans le corps (proprioception), la justesse, l\u2019\u00e9coute, des outils d\u2019improvisation, la voix chant\u00e9e, la voix parl\u00e9e, l\u2019interpr\u00e9tation, la pr\u00e9sence, le rythme\u2026<\/li>\n\n\n\n<li><strong>Un temps d\u2019application<\/strong>&nbsp;: chants collectifs du monde \u00e0 plusieurs voix&nbsp;(polyphonies ) , improvisation guid\u00e9e en douceur, chant individuel, coaching devant le groupe, interpr\u00e9tation, micro, cabaret\u2026<\/li>\n\n\n\n<li><strong>un temps de retours<\/strong>&nbsp;en fin de s\u00e9ance<\/li>\n<\/ul>\n\n\n\n<p>Trouver sa Voix dans le plaisir !<\/p>\n\n\n\n<p><strong>Le lieu : une grande salle, un jardin, une salle de spectacle\u2026<\/strong><\/p>\n\n\n\n<p>Ces stages se d\u00e9roulent&nbsp;<strong><a href=\"http:\/\/clap-lodeve.com\/fr\/les-salles\/\">au CLAP \u00e0 Lod\u00e8ve<\/a>,<\/strong>&nbsp;un immeuble collectif avec, une salle polyvalente, une petite salle de spectacle appel\u00e9e \u00ab&nbsp;La Grotte&nbsp;\u00bb (une cave vout\u00e9e , avec sc\u00e8ne, sono et lumi\u00e8re, capacit\u00e9 30 personnes assises), une cuisine, une salle collective, une terrasse sur rivi\u00e8re et un jardin ombrag\u00e9 sous le grand C\u00e8dre !<\/p>\n\n\n\n<figure class=\"wp-block-image\"><a href=\"http:\/\/asso-ocytocines.com\/fr\/wp-content\/uploads\/2021\/08\/salle-clap-chant.jpg\"><img decoding=\"async\" src=\"http:\/\/asso-ocytocines.com\/fr\/wp-content\/uploads\/2021\/08\/salle-clap-chant-300x169.jpg\" alt=\"\" class=\"wp-image-2448\"\/><\/a><\/figure>\n\n\n\n<figure class=\"wp-block-image size-full is-resized\"><img data-attachment-id=\"6800\" data-permalink=\"http:\/\/clap-lodeve.com\/fr\/cours-de-chant-mensuels\/stages-chant-mensuels\/\" data-orig-file=\"http:\/\/clap-lodeve.com\/fr\/wp-content\/uploads\/2022\/09\/stages-chant-mensuels.jpg\" data-orig-size=\"945,515\" data-comments-opened=\"0\" data-image-meta=\"{&quot;aperture&quot;:&quot;0&quot;,&quot;credit&quot;:&quot;&quot;,&quot;camera&quot;:&quot;&quot;,&quot;caption&quot;:&quot;&quot;,&quot;created_timestamp&quot;:&quot;0&quot;,&quot;copyright&quot;:&quot;&quot;,&quot;focal_length&quot;:&quot;0&quot;,&quot;iso&quot;:&quot;0&quot;,&quot;shutter_speed&quot;:&quot;0&quot;,&quot;title&quot;:&quot;&quot;,&quot;orientation&quot;:&quot;0&quot;}\" data-image-title=\"stages-chant-mensuels\" data-image-description=\"\" data-image-caption=\"\" data-medium-file=\"http:\/\/clap-lodeve.com\/fr\/wp-content\/uploads\/2022\/09\/stages-chant-mensuels-300x163.jpg\" data-large-file=\"http:\/\/clap-lodeve.com\/fr\/wp-content\/uploads\/2022\/09\/stages-chant-mensuels.jpg\" decoding=\"async\" loading=\"lazy\" width=\"945\" height=\"515\" src=\"http:\/\/clap-lodeve.com\/fr\/wp-content\/uploads\/2022\/09\/stages-chant-mensuels.jpg\" alt=\"\" class=\"wp-image-6800\" style=\"width:591px;height:321px\" srcset=\"http:\/\/clap-lodeve.com\/fr\/wp-content\/uploads\/2022\/09\/stages-chant-mensuels.jpg 945w, http:\/\/clap-lodeve.com\/fr\/wp-content\/uploads\/2022\/09\/stages-chant-mensuels-300x163.jpg 300w, http:\/\/clap-lodeve.com\/fr\/wp-content\/uploads\/2022\/09\/stages-chant-mensuels-768x419.jpg 768w\" sizes=\"(max-width: 945px) 100vw, 945px\" \/><\/figure>\n\n\n\n<hr class=\"wp-block-separator has-css-opacity\"\/>\n\n\n\n<h2 class=\"wp-block-heading\"><span style=\"background-color:rgba(0, 0, 0, 0)\" class=\"has-inline-color has-vivid-cyan-blue-color\">INFOS :<\/span><\/h2>\n\n\n\n<p>sur inscription (cycle \u00e0 l\u2019ann\u00e9e) au 06 12 24 95 19 \u2013 12 participants max<\/p>\n\n\n\n<p><strong>Horaires<\/strong>&nbsp;:&nbsp;&nbsp;<strong>dimanche 10h30-17h<\/strong>&nbsp;\u2013 Repas partag\u00e9 le midi<br \/><strong>Lieu&nbsp;<\/strong>&nbsp;: au CLAP, 9 av Denfert \u00e0 Lod\u00e8ve<\/p>\n\n\n\n<p><strong>Tarifs<\/strong>&nbsp;: 7 dimanches&nbsp; : 345\u20ac \u2013 engagement sur Engagement \u00e0 l\u2019ann\u00e9e souhait\u00e9 (soit 49\u20ac le stage)&nbsp; \u2013 RSA chomeur \/ 320 \u20ac &#8211; <strong>dates et plus d&rsquo;infos ici : <a href=\"http:\/\/asso-ocytocines.com\/fr\/cours-de-chant-mensuel-34\/\">http:\/\/asso-ocytocines.com\/fr\/cours-de-chant-mensuel-34\/<\/a><\/strong><\/p>\n\n\n\n<h2 class=\"wp-block-heading\"><strong>INFOS et inscription :<\/strong>&nbsp;Laetitia&nbsp;<strong>06 12 24 95 19<\/strong><\/h2>\n\n\n\n<h2 class=\"wp-block-heading\"><strong>*<span class=\"has-inline-color has-vivid-cyan-blue-color\">************&nbsp;Livre d\u2019or :<\/span><\/strong><\/h2>\n\n\n\n<p>\u00ab&nbsp;Avec Laetitia j\u2019ai appris que chanter c\u2019\u00e9tait plus que faire un son juste. C\u2019est aussi savoir placer sa voix, savoir faire r\u00e9sonner le son, et trouver les bonnes vibrations pour chanter vraiment. Et tout \u00e7a dans un cours ludique, bienveillant et rempli de la bonne humeur de Laetitia.&nbsp;\u00bb Corinne (Clermont LH\u00e9rault)<\/p>\n\n\n\n<p>**********<\/p>\n\n\n\n<p>&nbsp;\u00bb \u00e7a fait plusieurs ann\u00e9es que je participe aux ateliers de Laetitia. On y explore sa voix, ses possibilit\u00e9s, ses m\u00e9canismes, tout en douceur, dans la bonne humeur et le respect de soi et des autres, avec des possibilit\u00e9s de se confronter progressivement \u00e0 la sc\u00e8ne. Le fait d\u2019\u00eatre en petit groupe permet d\u2019affiner son \u00e9coute en entendant les autres. On y voit chacun \u00e9voluer avec beaucoup de plaisir.&nbsp;\u00bb David (Lod\u00e8ve)<\/p>\n\n\n\n<p>**********<\/p>\n\n\n\n<p>\u00ab&nbsp;Laetitia, c\u2019est une prof avec qui on peut \u00eatre \u00e0 l\u2019aise.<br \/>C\u2019est une prof Mary Poppins. Elle a plus d\u2019un outil dans son sac pour r\u00e9v\u00e9ler ta voix.<br \/>Elle est d\u00e9contract\u00e9, amusante et \u00e0 l\u2019\u00e9coute.&nbsp;\u00bb M\u00e9lanie (Lod\u00e8ve)<\/p>\n\n\n\n<p>*********<\/p>\n\n\n\n<p>\u00ab&nbsp;Laetitia nous fait explorer nos voix et nos corps d\u2019une fa\u00e7on surprenante, dr\u00f4le et efficace \u00e0 la fois. La bienveillance et la bonne humeur sont toujours de la partie. Chacun avance \u00e0 son rythme tout en se surpassant. Je recommande&nbsp; Laetitia pour apprendre le chant avec douceur et partage. Dans un cadre agr\u00e9able et jovial.&nbsp;\u00bb Myriam (Lod\u00e8ve)<\/p>\n","protected":false},"excerpt":{"rendered":"<p>Cours de Chant &amp; Technique Vocale&nbsp;Corporelle et Sensorielle : MENSUEL Approche globale du Geste Vocal Anim\u00e9 par Laetitia Dhainault ,dipl\u00f4m\u00e9e professeur de Technique Vocale et de Chant&nbsp;&nbsp;(Tire RNCP niveau 2)&nbsp; \u2013&nbsp;Technique Vocale selon l\u2019approche \u00ab&nbsp;Chant Voix &amp; Corps&nbsp;\u00bb&nbsp;\u2013voir rubrique qui suis-je 7 dimanches, 1 dim par mois A Lod\u00e8ve \u2013 10h30\/17h &#8211; toutes les infos &hellip;<\/p>\n","protected":false},"author":2,"featured_media":6800,"comment_status":"closed","ping_status":"closed","sticky":false,"template":"","format":"standard","meta":{"_jetpack_newsletter_access":"","_jetpack_dont_email_post_to_subs":false,"_jetpack_newsletter_tier_id":0,"_jetpack_memberships_contains_paywalled_content":false,"footnotes":"","_jetpack_memberships_contains_paid_content":false},"categories":[137,278,1],"tags":[],"jetpack_sharing_enabled":true,"jetpack_featured_media_url":"http:\/\/clap-lodeve.com\/fr\/wp-content\/uploads\/2022\/09\/stages-chant-mensuels.jpg","jetpack_shortlink":"https:\/\/wp.me\/p8JRd2-1LC","jetpack-related-posts":[],"_links":{"self":[{"href":"http:\/\/clap-lodeve.com\/fr\/wp-json\/wp\/v2\/posts\/6796"}],"collection":[{"href":"http:\/\/clap-lodeve.com\/fr\/wp-json\/wp\/v2\/posts"}],"about":[{"href":"http:\/\/clap-lodeve.com\/fr\/wp-json\/wp\/v2\/types\/post"}],"author":[{"embeddable":true,"href":"http:\/\/clap-lodeve.com\/fr\/wp-json\/wp\/v2\/users\/2"}],"replies":[{"embeddable":true,"href":"http:\/\/clap-lodeve.com\/fr\/wp-json\/wp\/v2\/comments?post=6796"}],"version-history":[{"count":5,"href":"http:\/\/clap-lodeve.com\/fr\/wp-json\/wp\/v2\/posts\/6796\/revisions"}],"predecessor-version":[{"id":7882,"href":"http:\/\/clap-lodeve.com\/fr\/wp-json\/wp\/v2\/posts\/6796\/revisions\/7882"}],"wp:featuredmedia":[{"embeddable":true,"href":"http:\/\/clap-lodeve.com\/fr\/wp-json\/wp\/v2\/media\/6800"}],"wp:attachment":[{"href":"http:\/\/clap-lodeve.com\/fr\/wp-json\/wp\/v2\/media?parent=6796"}],"wp:term":[{"taxonomy":"category","embeddable":true,"href":"http:\/\/clap-lodeve.com\/fr\/wp-json\/wp\/v2\/categories?post=6796"},{"taxonomy":"post_tag","embeddable":true,"href":"http:\/\/clap-lodeve.com\/fr\/wp-json\/wp\/v2\/tags?post=6796"}],"curies":[{"name":"wp","href":"https:\/\/api.w.org\/{rel}","templated":true}]}}